{"id":1,"date":"2025-07-23T22:36:38","date_gmt":"2025-07-23T22:36:38","guid":{"rendered":"https:\/\/asapalavra.com.br\/ed42\/?p=1"},"modified":"2025-09-18T00:50:41","modified_gmt":"2025-09-18T00:50:41","slug":"a-emergencia-o-desenvolvimento-e-a-maturacao-do-pcc-primeiro-comando-da-capital-uma-faccao-alem-do-alcance","status":"publish","type":"post","link":"https:\/\/asapalavra.com.br\/ed42\/a-emergencia-o-desenvolvimento-e-a-maturacao-do-pcc-primeiro-comando-da-capital-uma-faccao-alem-do-alcance\/","title":{"rendered":"A EMERG\u00caNCIA, O DESENVOLVIMENTO E A MATURA\u00c7\u00c3O DO PCC (PRIMEIRO COMANDO DA CAPITAL). UMA FAC\u00c7\u00c3O AL\u00c9M DO ALCANCE"},"content":{"rendered":"\n<p>Emile Caroline de Souza Ribeiro<br>L\u00facio Alves de Barros<\/p>\n\n\n\n<p>C\u00f3digo DOI: 10.64520\/TMKT2675<\/p>\n\n\n\n<h3 class=\"wp-block-heading\">RESUMO<\/h3>\n\n\n\n<p>Este artigo trata do impacto das organiza\u00e7\u00f5es criminosas na seguran\u00e7a p\u00fablica, mas tamb\u00e9m destaca a influ\u00eancia do cen\u00e1rio das pol\u00edticas p\u00fablicas de seguran\u00e7a na apari\u00e7\u00e3o e desenvolvimento destas mesmas organiza\u00e7\u00f5es criminosas. Com foco no caso do Primeiro Comando da Capital. A metodologia utilizada foi an\u00e1lise documental e tem como preocupa\u00e7\u00e3o buscar informa\u00e7\u00f5es concretas nos diversos documentos, dentre eles a lei, os livros, artigos e document\u00e1rios. Est\u00e1 dividido em tr\u00eas se\u00e7\u00f5es, na primeira observamos de onde veio e para que veio o PCC em sua origem. Na segunda, compreendemos como foi poss\u00edvel que se desenvolvesse em territ\u00f3rio nacional do modo que aconteceu desencadeando no processo de internacionaliza\u00e7\u00e3o e quais t\u00eam sido suas estrat\u00e9gias, sendo esta a terceira e \u00faltima sess\u00e3o. Conclui- se neste estudo que o PCC vem crescendo exponencialmente desde sua cria\u00e7\u00e3o em 1992 na Casa de Cust\u00f3dia de Taubat\u00e9 e a estrutura do sistema carcer\u00e1rio foi e segue sendo uma facilitadora para o \u00eaxito dos ideais e neg\u00f3cios da fac\u00e7\u00e3o.<\/p>\n\n\n\n<p><strong>Palavras-chave:<\/strong> PCC; ORGANIZA\u00c7\u00c3O CRIMINOSA; SEGURAN\u00c7A P\u00daBLICA;<\/p>\n\n\n\n<h3 class=\"wp-block-heading\">ABSTRACT<\/h3>\n\n\n\n<p>This article deals with the impact of the Primeiro Comando da Capital, a criminal organization, on public security, but also highlights the influence of the public security policy scenario on the appearance and development of this same criminal organization. The methodology used was document analysis and is concerned with seeking concrete information in the various documents, including the law, books, articles and documentaries. It is divided into three sections, in the first we look at where the PCC came from and what it came for in its origins. In the second, we understand how it was possible for it to develop in the national territory the way it happened, triggering the internationalization process and what its strategies have been, this being the third and last session. It is concluded in this study that the PCC has been growing exponentially since its creation in 1992 in the Casa de Cust\u00f3dia de Taubat\u00e9 and the structure of the prison system was and continues to be a facilitator for the success of the faction\u2019s ideals and businesses.<\/p>\n\n\n\n<p><strong>Keywords:<\/strong> PCC &#8211; CRIMINAL ORGANIZATION &#8211; PUBLIC SECURITY<\/p>\n\n\n\n<div class=\"wp-block-buttons is-layout-flex wp-block-buttons-is-layout-flex\">\n<div class=\"wp-block-button\"><a class=\"wp-block-button__link has-white-color has-text-color has-background has-link-color wp-element-button\" href=\"https:\/\/asapalavra.com.br\/ed42\/wp-content\/uploads\/2025\/07\/secao_1_tx_1.pdf\" style=\"background-color:#243588\" target=\"_blank\" rel=\"noreferrer noopener\">VER ARTIGO<\/a><\/div>\n<\/div>\n\n\n\n<p><\/p>\n","protected":false},"excerpt":{"rendered":"<p>Este artigo trata do impacto das organiza\u00e7\u00f5es criminosas na seguran\u00e7a p\u00fablica, mas tamb\u00e9m destaca a influ\u00eancia do cen\u00e1rio das pol\u00edticas p\u00fablicas de seguran\u00e7a na apari\u00e7\u00e3o e desenvolvimento destas mesmas organiza\u00e7\u00f5es criminosas. Com foco no caso do Primeiro Comando da Capital. <\/p>\n","protected":false},"author":1,"featured_media":0,"comment_status":"open","ping_status":"open","sticky":false,"template":"","format":"standard","meta":{"footnotes":""},"categories":[1,4],"tags":[],"class_list":["post-1","post","type-post","status-publish","format-standard","hentry","category-ed-42-2025","category-secao-01"],"_links":{"self":[{"href":"https:\/\/asapalavra.com.br\/ed42\/wp-json\/wp\/v2\/posts\/1","targetHints":{"allow":["GET"]}}],"collection":[{"href":"https:\/\/asapalavra.com.br\/ed42\/wp-json\/wp\/v2\/posts"}],"about":[{"href":"https:\/\/asapalavra.com.br\/ed42\/wp-json\/wp\/v2\/types\/post"}],"author":[{"embeddable":true,"href":"https:\/\/asapalavra.com.br\/ed42\/wp-json\/wp\/v2\/users\/1"}],"replies":[{"embeddable":true,"href":"https:\/\/asapalavra.com.br\/ed42\/wp-json\/wp\/v2\/comments?post=1"}],"version-history":[{"count":10,"href":"https:\/\/asapalavra.com.br\/ed42\/wp-json\/wp\/v2\/posts\/1\/revisions"}],"predecessor-version":[{"id":373,"href":"https:\/\/asapalavra.com.br\/ed42\/wp-json\/wp\/v2\/posts\/1\/revisions\/373"}],"wp:attachment":[{"href":"https:\/\/asapalavra.com.br\/ed42\/wp-json\/wp\/v2\/media?parent=1"}],"wp:term":[{"taxonomy":"category","embeddable":true,"href":"https:\/\/asapalavra.com.br\/ed42\/wp-json\/wp\/v2\/categories?post=1"},{"taxonomy":"post_tag","embeddable":true,"href":"https:\/\/asapalavra.com.br\/ed42\/wp-json\/wp\/v2\/tags?post=1"}],"curies":[{"name":"wp","href":"https:\/\/api.w.org\/{rel}","templated":true}]}}