{"id":105,"date":"2025-07-27T16:42:30","date_gmt":"2025-07-27T16:42:30","guid":{"rendered":"https:\/\/asapalavra.com.br\/ed42\/?p=105"},"modified":"2025-09-18T00:51:25","modified_gmt":"2025-09-18T00:51:25","slug":"pela-justicializacao-do-direito-a-saude-no-brasil","status":"publish","type":"post","link":"https:\/\/asapalavra.com.br\/ed42\/pela-justicializacao-do-direito-a-saude-no-brasil\/","title":{"rendered":"PELA JUSTICIALIZA\u00c7\u00c3O DO DIREITO \u00c0 SA\u00daDE NO BRASIL"},"content":{"rendered":"\n<p>Alexandre Torido Brand\u00e3o<sup>1<\/sup><br>Marcelo Moreno Gomes Lisboa<sup>2<\/sup><br>Huener Silva Gon\u00e7alves<sup>3<\/sup><\/p>\n\n\n\n<p>C\u00f3digo DOI: 10.64520\/DRMO2563<\/p>\n\n\n\n<h3 class=\"wp-block-heading\">RESUMO<\/h3>\n\n\n\n<p>Partindo de um caso ver\u00eddico na seara da busca pelo direito a sa\u00fade, vivenciado por um dos autores, o presente artigo, a partir de sucinto levantamento bibliogr\u00e1fico, apresenta os conceitos de judicializa\u00e7\u00e3o, relacionado a dimens\u00e3o processual forense na busca de direitos humanos negligenciados pelo Estado, e justicializa\u00e7\u00e3o, posi\u00e7\u00e3o \u00e9tica por uma justi\u00e7a efetiva e sens\u00edvel \u00e0 dignidade humana, destacando a sua distin\u00e7\u00e3o. A partir disso e recorrendo a Constitui\u00e7\u00e3o da Rep\u00fablica Federativa do Brasil de 1988, considera as suas aplica\u00e7\u00f5es na luta pelo direito a sa\u00fade no contexto nacional altamente burocr\u00e1tico de sua efetiva\u00e7\u00e3o, que muitas vezes desconsiderar que o n\u00e3o atendimento urgente desse pode reverberar no perecimento do direito \u00e0 vida pelo demandante. Por fim, defende-se uma atua\u00e7\u00e3o judicial mais \u00e1gil e comprometida com os direitos fundamentais, especialmente em situa\u00e7\u00f5es de urg\u00eancia m\u00e9dica, propondo a justicializa\u00e7\u00e3o como caminho para uma justi\u00e7a mais humana e efetiva. Ao fim, conclui-se que o aprofundamento da quest\u00e3o, em trabalho futuro, requer agregar as dimens\u00f5es da mistan\u00e1sia \u2013 a morte precoce por omiss\u00e3o do Estado \u2013 e o ativismo judici\u00e1rio \u00e0 reflex\u00e3o.<\/p>\n\n\n\n<p><strong>Palavras-chave:<\/strong> Direito \u00e0 sa\u00fade, Judicializa\u00e7\u00e3o, Justicializa\u00e7\u00e3o.<\/p>\n\n\n\n<h3 class=\"wp-block-heading\">ABSTRACT<\/h3>\n\n\n\n<p>Based on a true case in the field of the search for the right to health, experienced by one of the authors, this article, based on a brief bibliographical survey, presents the concepts of judicialization, related to the forensic procedural dimension in the search for human rights neglected by the State, and justicialization, an ethical position for an effective justice that is sensitive to human dignity, highlighting their distinction. Based on this and resorting to the Constitution of the Federative Republic of Brazil of 1988, it considers their applications in the fight for the right to health in the highly bureaucratic national context of its implementation, which often disregards the fact that failure to provide urgent care can reverberate in the perishing of the right to life of the plaintiff. Finally, it advocates for more agile judicial action that is committed to fundamental rights, especially in situations of medical emergency, proposing justicialization as a path to a more humane and effective justice. Finally, it is concluded that further exploration of the issue, in future work, requires adding the dimensions of mistanasia \u2013 premature death due to State omission \u2013 and judicial activism to the reflection.<\/p>\n\n\n\n<p><strong>Keywords:<\/strong> Right to health, Judicialization, Justicialization.<\/p>\n\n\n\n<div class=\"wp-block-buttons is-layout-flex wp-block-buttons-is-layout-flex\">\n<div class=\"wp-block-button\"><a class=\"wp-block-button__link has-white-color has-text-color has-background has-link-color wp-element-button\" href=\"https:\/\/asapalavra.com.br\/ed42\/wp-content\/uploads\/2025\/07\/secao_2_Tx_2.pdf\" style=\"background-color:#243588\" target=\"_blank\" rel=\"noreferrer noopener\">VER ARTIGO<\/a><\/div>\n<\/div>\n\n\n\n<p><\/p>\n\n\n\n<ol class=\"wp-block-list\">\n<li>Professor de Direito Civil da Faculdade ASA de Brumadinho e Especialista em Direito P\u00fablico pelo Instituto Newton Paiva. <\/li>\n\n\n\n<li>Professor de Direito do Trabalho e de Direito Empresarial da Faculdade Asa de Brumadinho e Mestre em Direito pela Pontif\u00edcia Universidade Cat\u00f3lica de Minas Gerais (2006).<\/li>\n\n\n\n<li>Professor das disciplinas de forma\u00e7\u00e3o geral da Faculdade ASA de Brumadinho e Doutor em Hist\u00f3ria pela UFMG.<\/li>\n<\/ol>\n","protected":false},"excerpt":{"rendered":"<p>Partindo de um caso ver\u00eddico na seara da busca pelo direito a sa\u00fade, vivenciado por um dos autores, o presente artigo, a partir de sucinto levantamento bibliogr\u00e1fico, apresenta os conceitos de judicializa\u00e7\u00e3o, relacionado a dimens\u00e3o processual forense na busca de direitos humanos negligenciados pelo Estado, e justicializa\u00e7\u00e3o, posi\u00e7\u00e3o \u00e9tica por uma justi\u00e7a efetiva e sens\u00edvel \u00e0 dignidade humana, destacando a sua distin\u00e7\u00e3o.<\/p>\n","protected":false},"author":1,"featured_media":0,"comment_status":"open","ping_status":"open","sticky":false,"template":"","format":"standard","meta":{"footnotes":""},"categories":[1,5],"tags":[],"class_list":["post-105","post","type-post","status-publish","format-standard","hentry","category-ed-42-2025","category-secao-02"],"_links":{"self":[{"href":"https:\/\/asapalavra.com.br\/ed42\/wp-json\/wp\/v2\/posts\/105","targetHints":{"allow":["GET"]}}],"collection":[{"href":"https:\/\/asapalavra.com.br\/ed42\/wp-json\/wp\/v2\/posts"}],"about":[{"href":"https:\/\/asapalavra.com.br\/ed42\/wp-json\/wp\/v2\/types\/post"}],"author":[{"embeddable":true,"href":"https:\/\/asapalavra.com.br\/ed42\/wp-json\/wp\/v2\/users\/1"}],"replies":[{"embeddable":true,"href":"https:\/\/asapalavra.com.br\/ed42\/wp-json\/wp\/v2\/comments?post=105"}],"version-history":[{"count":6,"href":"https:\/\/asapalavra.com.br\/ed42\/wp-json\/wp\/v2\/posts\/105\/revisions"}],"predecessor-version":[{"id":375,"href":"https:\/\/asapalavra.com.br\/ed42\/wp-json\/wp\/v2\/posts\/105\/revisions\/375"}],"wp:attachment":[{"href":"https:\/\/asapalavra.com.br\/ed42\/wp-json\/wp\/v2\/media?parent=105"}],"wp:term":[{"taxonomy":"category","embeddable":true,"href":"https:\/\/asapalavra.com.br\/ed42\/wp-json\/wp\/v2\/categories?post=105"},{"taxonomy":"post_tag","embeddable":true,"href":"https:\/\/asapalavra.com.br\/ed42\/wp-json\/wp\/v2\/tags?post=105"}],"curies":[{"name":"wp","href":"https:\/\/api.w.org\/{rel}","templated":true}]}}