{"id":116,"date":"2025-07-27T17:08:34","date_gmt":"2025-07-27T17:08:34","guid":{"rendered":"https:\/\/asapalavra.com.br\/ed42\/?p=116"},"modified":"2025-09-18T00:52:32","modified_gmt":"2025-09-18T00:52:32","slug":"capitao-custodio-da-silva-moreira-um-estudo-sobre-patrimonio-e-poder-no-brumado-do-seculo-xix","status":"publish","type":"post","link":"https:\/\/asapalavra.com.br\/ed42\/capitao-custodio-da-silva-moreira-um-estudo-sobre-patrimonio-e-poder-no-brumado-do-seculo-xix\/","title":{"rendered":"CAPIT\u00c3O CUST\u00d3DIO DA SILVA MOREIRA &#8211; UM ESTUDO SOBRE PATRIM\u00d4NIO E PODER NO BRUMADO DO S\u00c9CULO XIX"},"content":{"rendered":"\n<p>Jeferson Custodio Santos Vieira<sup>1<\/sup><br>Sofia Martins Moreira Lopes<sup>2<\/sup><\/p>\n\n\n\n<p>C\u00f3digo DOI: 10.64520\/OXZO8141<\/p>\n\n\n\n<h3 class=\"wp-block-heading\">RESUMO<\/h3>\n\n\n\n<p>O presente artigo destina-se a analisar os dados existentes sobre a vida do capit\u00e3o Cust\u00f3dio da Silva Moreira e tra\u00e7ar um paralelo entre a vida de um cidad\u00e3o do per\u00edodo oitocentista, permitindo conhecer melhor como era a vida dos cidad\u00e3os que residiam no interior do imp\u00e9rio portugu\u00eas e no nascente imp\u00e9rio brasileiro, vislumbrar esse pequeno recorte da hist\u00f3ria e perceber nitidamente o nascer da identidade de um povo e a constru\u00e7\u00e3o hist\u00f3rica de uma na\u00e7\u00e3o. O antigo arraial do Brumado, o qual possui uma sociedade bem diversificada, era um pequeno recorte da sociedade daquele per\u00edodo.<\/p>\n\n\n\n<p><br><strong>Palavra-chave:<\/strong> Antigo Arraial do Brumado, Capit\u00e3o, Pol\u00edtica, economia imperial<\/p>\n\n\n\n<h3 class=\"wp-block-heading\">ABSTRACT<\/h3>\n\n\n\n<p>This article aims to analyze the existing data on the life of Captain Cust\u00f3dio da Silva Moreira and draw a parallel between the life of a citizen of the nineteenth century, allowing us to better understand what life was like for citizens who lived in the interior of the Portuguese empire and in the nascent Brazilian empire, to glimpse this small slice of history and to clearly perceive the birth of the identity of a people and the historical construction of a nation. The old village of Brumado, which has a very diverse society, was a small slice of society at that time.<\/p>\n\n\n\n<p><strong>Keywords<\/strong>: Old Village of Brumado, Captain, Politics, imperial economy<\/p>\n\n\n\n<div class=\"wp-block-buttons is-layout-flex wp-block-buttons-is-layout-flex\">\n<div class=\"wp-block-button\"><a class=\"wp-block-button__link has-white-color has-text-color has-background has-link-color wp-element-button\" href=\"https:\/\/asapalavra.com.br\/ed42\/wp-content\/uploads\/2025\/07\/secao_3_Tx_1.pdf\" style=\"background-color:#243588\" target=\"_blank\" rel=\"noreferrer noopener\">VER ARTIGO<\/a><\/div>\n<\/div>\n\n\n\n<p><\/p>\n\n\n\n<ol class=\"wp-block-list\">\n<li>P\u00f3s-graduado em Conex\u00f5es culturais e direito cidad\u00e3o. Bacharel em Direito pela Faculdade Asa de Brumadinho. Graduando em Hist\u00f3ria pela UNIFAHE.E=<\/li>\n\n\n\n<li>Doutora em Estudos Lingu\u00edsticos pelo Poslin\/Fale\/UFMG. Mestre em Estudos Lingu\u00edsticos pelo Poslin\/Fale\/UFMG Professora da Faculdade Asa de Brumadinho.<\/li>\n<\/ol>\n","protected":false},"excerpt":{"rendered":"<p>O presente artigo destina-se a analisar os dados existentes sobre a vida do capit\u00e3o Cust\u00f3dio da Silva Moreira e tra\u00e7ar um paralelo entre a vida de um cidad\u00e3o do per\u00edodo oitocentista, permitindo conhecer melhor como era a vida dos cidad\u00e3os que residiam no interior do imp\u00e9rio portugu\u00eas e no nascente imp\u00e9rio brasileiro<\/p>\n","protected":false},"author":1,"featured_media":0,"comment_status":"open","ping_status":"open","sticky":false,"template":"","format":"standard","meta":{"footnotes":""},"categories":[1,6],"tags":[],"class_list":["post-116","post","type-post","status-publish","format-standard","hentry","category-ed-42-2025","category-secao-03"],"_links":{"self":[{"href":"https:\/\/asapalavra.com.br\/ed42\/wp-json\/wp\/v2\/posts\/116","targetHints":{"allow":["GET"]}}],"collection":[{"href":"https:\/\/asapalavra.com.br\/ed42\/wp-json\/wp\/v2\/posts"}],"about":[{"href":"https:\/\/asapalavra.com.br\/ed42\/wp-json\/wp\/v2\/types\/post"}],"author":[{"embeddable":true,"href":"https:\/\/asapalavra.com.br\/ed42\/wp-json\/wp\/v2\/users\/1"}],"replies":[{"embeddable":true,"href":"https:\/\/asapalavra.com.br\/ed42\/wp-json\/wp\/v2\/comments?post=116"}],"version-history":[{"count":4,"href":"https:\/\/asapalavra.com.br\/ed42\/wp-json\/wp\/v2\/posts\/116\/revisions"}],"predecessor-version":[{"id":378,"href":"https:\/\/asapalavra.com.br\/ed42\/wp-json\/wp\/v2\/posts\/116\/revisions\/378"}],"wp:attachment":[{"href":"https:\/\/asapalavra.com.br\/ed42\/wp-json\/wp\/v2\/media?parent=116"}],"wp:term":[{"taxonomy":"category","embeddable":true,"href":"https:\/\/asapalavra.com.br\/ed42\/wp-json\/wp\/v2\/categories?post=116"},{"taxonomy":"post_tag","embeddable":true,"href":"https:\/\/asapalavra.com.br\/ed42\/wp-json\/wp\/v2\/tags?post=116"}],"curies":[{"name":"wp","href":"https:\/\/api.w.org\/{rel}","templated":true}]}}