{"id":119,"date":"2025-07-27T17:23:36","date_gmt":"2025-07-27T17:23:36","guid":{"rendered":"https:\/\/asapalavra.com.br\/ed42\/?p=119"},"modified":"2025-09-18T00:52:06","modified_gmt":"2025-09-18T00:52:06","slug":"o-historico-conflito-entre-ecologia-e-mineracao-no-quadrilatero-ferrifero-mg-um-panorama-de-ameacas-ao-patrimonio-e-as-paisagens-adjacentes-ao-museu-de-arte-contemporanea-inhotim-brumadinho-mg","status":"publish","type":"post","link":"https:\/\/asapalavra.com.br\/ed42\/o-historico-conflito-entre-ecologia-e-mineracao-no-quadrilatero-ferrifero-mg-um-panorama-de-ameacas-ao-patrimonio-e-as-paisagens-adjacentes-ao-museu-de-arte-contemporanea-inhotim-brumadinho-mg\/","title":{"rendered":"O HIST\u00d3RICO CONFLITO ENTRE ECOLOGIA E MINERA\u00c7\u00c3O NO QUADRIL\u00c1TERO FERR\u00cdFERO &#8211; MG: Um panorama de amea\u00e7as ao patrim\u00f4nio e \u00e0s paisagens adjacentes ao Museu de Arte Contempor\u00e2nea Inhotim (Brumadinho-MG)"},"content":{"rendered":"\n<p><br>Vagner Luciano Coelho de Lima Andrade<sup>1<\/sup><\/p>\n\n\n\n<p>C\u00f3digo DOI: 10.64520\/EJNJ3449<\/p>\n\n\n\n<h3 class=\"wp-block-heading\">RESUMO<\/h3>\n\n\n\n<p>O presente trabalho, visa discutir a import\u00e2ncia do Jardim Bot\u00e2nico e a Museu de Arte Contempor\u00e2nea de Inhotim, no estado de MG, inserindo no contexto do Quadril\u00e1tero Ferr\u00edfero e discute impactos nas adjac\u00eancias. Circundada por in\u00fameras mineradoras na Serra da Bocaina (Serra das Farofas), Inhotim \u00e9 um o\u00e1sis que comunga arte e ecologia. Neste contexto, \u00e9 indispens\u00e1vel, portanto, que o territ\u00f3rio do Quadril\u00e1tero Ferr\u00edfero seja repensado e reconfigurado na perspectiva te\u00f3rica da ecologia, da geografia e da hist\u00f3ria compreendendo-o como um todo sist\u00e9mico, integrado e interdisciplinar, e entendendo-o como um conjunto .nico de mosaicos: um mosaico de paisagens de biodiversidade e endemismo; um mosaico de paisagens geopol\u00edticas; um mosaico de mem\u00f3ria e oralidade. Assim faz-se necess\u00e1rio o tombamento nos n\u00edveis municipal, estadual e federal para garantir a integridade dos ecossistemas presentes no museu, bem como ofertar uma visita\u00e7\u00e3o tur\u00edstica que comungue arte e ecologia. O prop\u00f3sito principal \u00e9 explorar o cen\u00e1rio de riscos da minera\u00e7\u00e3o nas \u00e1reas ao redor do Museu de Arte Contempor\u00e2nea Inhotim. Os objetivos espec\u00edficos incluem 1) mostrar a intera\u00e7\u00e3o entre arte e meio ambiente na regi\u00e3o oeste do Quadril\u00e1tero Ferr\u00edfero; 2) descrever rapidamente as complexidades do hist.rico embate entre a minera..o e a comunidade; 3) relembrar um evento significativo na hist\u00f3ria de Brumadinho, ocorrido em 25 de janeiro de 2019. Atrav\u00e9s da an\u00e1lise do hist\u00f3rico conflito miner\u00e1rio nas paisagens adjacentes ao Museu de Arte Contempor\u00e2nea Inhotim visualiza-se e materializa-se no tempo e no espa\u00e7o, um panorama de amea\u00e7as entre ecologia e minera\u00e7\u00e3o no vetor oeste do Quadril\u00e1tero Ferr\u00edfero &#8211; MG: (Brumadinho-MG).<\/p>\n\n\n\n<p><strong>Palavras-chave:<\/strong> Arte Contempor.nea, Museu, Ecologia, Minera..o, Lugar<\/p>\n\n\n\n<h3 class=\"wp-block-heading\">ABSTRACT<\/h3>\n\n\n\n<p>The present work aims to discuss the importance of the Botanical Garden and the Museum of Contemporary Art of Inhotim, in the state of MG, inserting it in the context of the Iron Quadrangle and discusses impacts on the surroundings. Surrounded by numerous mining companies in the Serra da Bocaina (Serra das Farofas), Inhotim is an oasis that combines art and ecology. In this context, it is indispensable, therefore, that the territory of the Iron Quadrangle be rethought and reconfigured from the theoretical perspective of ecology, geography and history, understanding it as a systemic, integrated and interdisciplinary whole, and understanding it as a single set of mosaics: a mosaic of landscapes of biodiversity and endemism; a mosaic of geopolitical landscapes; A mosaic of memory and orality. Thus, it is necessary to list it at the municipal, state and federal levels to ensure the integrity of the ecosystems present in the museum, as well as to offer tourist visitation that communes art and ecology. The main purposeis to explore the scenario of mining risks in the areas around the Inhotim Museum of Contemporary Art. Specific objectives include 1) showing the interaction between art and the environment in the western region of the Iron Quadrangle; 2) briefly describe the complexities of the historical clash between mining and the community; 3) remember a significant event in the history of Brumadinho, which occurred on January 25, 2019. Through the analysis of the historical mining conflict in the landscapes adjacent to the Inhotim Museum of Contemporary Art, a panorama of threats between ecology and mining in the western vector of the Iron Quadrangle &#8211; MG is visualized and materialized in time and space: (Brumadinho-MG).<\/p>\n\n\n\n<p><strong>Keywords<\/strong>: Contemporary Art, Museum, Ecology, Mining, Place<\/p>\n\n\n\n<div class=\"wp-block-buttons is-layout-flex wp-block-buttons-is-layout-flex\">\n<div class=\"wp-block-button\"><a class=\"wp-block-button__link has-white-color has-text-color has-background has-link-color wp-element-button\" href=\"https:\/\/asapalavra.com.br\/ed42\/wp-content\/uploads\/2025\/07\/secao_3_Tx_2.pdf\" style=\"background-color:#243588\" target=\"_blank\" rel=\"noreferrer noopener\">LER ARTIGO<\/a><\/div>\n<\/div>\n\n\n\n<p><\/p>\n\n\n\n<ol class=\"wp-block-list\">\n<li>Guia de Turismo. Ge\u00f3grafo, historiador e bi\u00f3logo. Especialista em Gest\u00e3o e Educa\u00e7\u00e3o Ambiental e em Ecologia e Monitoramento Ambiental. Mestre em Dire\u00e7\u00e3o e Consultoria Tur\u00edstica com \u00eanfase em Turismo Sustent\u00e1vel. Agente Ambiental em A\u00e7\u00e3o da Rede A\u00e7\u00e3o Ambiental. Rua 26, n. 85, Pintados &#8211; Zona Rural, CEP 32.440-000. Distrito do Parque Duval de Barros, Ibirit\u00e9. Minas Gerais, Brasil<\/li>\n<\/ol>\n","protected":false},"excerpt":{"rendered":"<p>O presente trabalho, visa discutir a import\u00e2ncia do Jardim Bot\u00e2nico e a Museu de Arte Contempor\u00e2nea de Inhotim, no estado de MG, inserindo no contexto do Quadril\u00e1tero Ferr\u00edfero e discute impactos nas adjac\u00eancias. <\/p>\n","protected":false},"author":1,"featured_media":0,"comment_status":"open","ping_status":"open","sticky":false,"template":"","format":"standard","meta":{"footnotes":""},"categories":[1,6],"tags":[],"class_list":["post-119","post","type-post","status-publish","format-standard","hentry","category-ed-42-2025","category-secao-03"],"_links":{"self":[{"href":"https:\/\/asapalavra.com.br\/ed42\/wp-json\/wp\/v2\/posts\/119","targetHints":{"allow":["GET"]}}],"collection":[{"href":"https:\/\/asapalavra.com.br\/ed42\/wp-json\/wp\/v2\/posts"}],"about":[{"href":"https:\/\/asapalavra.com.br\/ed42\/wp-json\/wp\/v2\/types\/post"}],"author":[{"embeddable":true,"href":"https:\/\/asapalavra.com.br\/ed42\/wp-json\/wp\/v2\/users\/1"}],"replies":[{"embeddable":true,"href":"https:\/\/asapalavra.com.br\/ed42\/wp-json\/wp\/v2\/comments?post=119"}],"version-history":[{"count":6,"href":"https:\/\/asapalavra.com.br\/ed42\/wp-json\/wp\/v2\/posts\/119\/revisions"}],"predecessor-version":[{"id":377,"href":"https:\/\/asapalavra.com.br\/ed42\/wp-json\/wp\/v2\/posts\/119\/revisions\/377"}],"wp:attachment":[{"href":"https:\/\/asapalavra.com.br\/ed42\/wp-json\/wp\/v2\/media?parent=119"}],"wp:term":[{"taxonomy":"category","embeddable":true,"href":"https:\/\/asapalavra.com.br\/ed42\/wp-json\/wp\/v2\/categories?post=119"},{"taxonomy":"post_tag","embeddable":true,"href":"https:\/\/asapalavra.com.br\/ed42\/wp-json\/wp\/v2\/tags?post=119"}],"curies":[{"name":"wp","href":"https:\/\/api.w.org\/{rel}","templated":true}]}}