{"id":125,"date":"2025-07-27T21:46:52","date_gmt":"2025-07-27T21:46:52","guid":{"rendered":"https:\/\/asapalavra.com.br\/ed42\/?p=125"},"modified":"2025-09-18T00:52:55","modified_gmt":"2025-09-18T00:52:55","slug":"liberdade-de-empresa-e-a-razao-de-estado-contemporanea","status":"publish","type":"post","link":"https:\/\/asapalavra.com.br\/ed42\/liberdade-de-empresa-e-a-razao-de-estado-contemporanea\/","title":{"rendered":"LIBERDADE DE EMPRESA E A RAZ\u00c3O DE ESTADO CONTEMPOR\u00c2NEA"},"content":{"rendered":"\n<p>Rafael Tallarico<sup>1<\/sup><br>Aline Barbosa Moura<sup>2<\/sup><\/p>\n\n\n\n<p>C\u00f3digo DOI: 10.64520\/FXTF5507<\/p>\n\n\n\n<h3 class=\"wp-block-heading\">RESUMO<\/h3>\n\n\n\n<p>A Raz\u00e3o de Estado no S\u00e9culo XXI exige que a lideran\u00e7a tenha a sensibilidade de favorecer o empreendedorismo nacional e internacional. A Liberdade de Empresa, que constitui uma parte fundamental da pr\u00f3pria \u201cTeoria da Empresa\u201d encontra diante de si o desafio de enquadrar, de forma inclusiva, o novo Conceito de \u201cTecnologia\u201d. O Brasil \u00e9 uma na\u00e7\u00e3o capitalista por previs\u00e3o constitucional (art. 170 da CRFB\/88). O interesse nacional deve estar ligado \u00e0s transforma\u00e7\u00f5es tecnol\u00f3gicas e por isso empresariais. O caminho a seguir, principalmente para as na\u00e7\u00f5es em desenvolvimento, \u00e9 o favorecimento da Liberdade de Empresa que beneficia a todos, seja em n\u00edvel social ou de empreendedorismo, pois o ac\u00famulo de capital das na\u00e7\u00f5es desenvolvidas \u00e9 decorr\u00eancia direta do patroc\u00ednio da capacidade das pessoas f\u00edsicas e jur\u00eddicas na busca por resultados, cuja s\u00edntese \u00e9 a finalidade de toda empresa: o Lucro.<\/p>\n\n\n\n<p><strong>PALAVRAS- CHAVE:<\/strong> Raz\u00e3o de Estado. Liberdade de Empresa. Tecnologia. Lucro.<\/p>\n\n\n\n<h3 class=\"wp-block-heading\">ABSTRACT<\/h3>\n\n\n\n<p>The Reason of State in the XXI Century requires that leadership have the sensitivity to favor national and international entrepreneurship. Freedom of Enterprise, which constitutes a fundamental part of the \u201cTheory of the Company\u201d itself, faces the challenge of framing, in an inclusive way, the new Concept of \u201cTechnology\u201d. Brazil is a capitalist nation by constitutional provision (art. 170 of CRFB\/88). The national interest must be linked to technological and therefore business transformations. The way forward, especially for developing nations, is to promote Freedom of Business, which benefits everyone, whether at a social or entrepreneurial level, as the accumulation of capital in developed nations is a direct result of the sponsorship of the capacity of individuals and legal entities in the search for results, the synthesis of which is the purpose of every company: Profit.<\/p>\n\n\n\n<p><strong>KEYWORDS<\/strong>: Reason of State. Liberty of Enterprise. Technology. Profit.<\/p>\n\n\n\n<div class=\"wp-block-buttons is-layout-flex wp-block-buttons-is-layout-flex\">\n<div class=\"wp-block-button\"><a class=\"wp-block-button__link has-white-color has-text-color has-background has-link-color wp-element-button\" href=\"https:\/\/asapalavra.com.br\/ed42\/wp-content\/uploads\/2025\/07\/secao_4_Tx_2.pdf\" style=\"background-color:#243588\" target=\"_blank\" rel=\"noreferrer noopener\">VER ARTIGO<\/a><\/div>\n<\/div>\n\n\n\n<p><\/p>\n\n\n\n<ol class=\"wp-block-list\">\n<li>O autor \u00e9 Mestre e Doutor em Direito e Justi\u00e7a pela Faculdade de Direito da UFMG e Advogado na \u00e1rea Empresarial.<\/li>\n\n\n\n<li>A autora \u00e9 P\u00f3s-Graduada em Advocacia Empresarial pela Pontif\u00edcia Universidade Cat\u00f3lica do Estado de Minas Gerais e Advogada nas \u00e1reas C\u00edvel e Empresarial.<\/li>\n<\/ol>\n","protected":false},"excerpt":{"rendered":"<p>A Raz\u00e3o de Estado no S\u00e9culo XXI exige que a lideran\u00e7a tenha a sensibilidade de favorecer o empreendedorismo nacional e internacional.<\/p>\n","protected":false},"author":1,"featured_media":0,"comment_status":"open","ping_status":"open","sticky":false,"template":"","format":"standard","meta":{"footnotes":""},"categories":[1,7],"tags":[],"class_list":["post-125","post","type-post","status-publish","format-standard","hentry","category-ed-42-2025","category-secao-03-ed-42-2025"],"_links":{"self":[{"href":"https:\/\/asapalavra.com.br\/ed42\/wp-json\/wp\/v2\/posts\/125","targetHints":{"allow":["GET"]}}],"collection":[{"href":"https:\/\/asapalavra.com.br\/ed42\/wp-json\/wp\/v2\/posts"}],"about":[{"href":"https:\/\/asapalavra.com.br\/ed42\/wp-json\/wp\/v2\/types\/post"}],"author":[{"embeddable":true,"href":"https:\/\/asapalavra.com.br\/ed42\/wp-json\/wp\/v2\/users\/1"}],"replies":[{"embeddable":true,"href":"https:\/\/asapalavra.com.br\/ed42\/wp-json\/wp\/v2\/comments?post=125"}],"version-history":[{"count":4,"href":"https:\/\/asapalavra.com.br\/ed42\/wp-json\/wp\/v2\/posts\/125\/revisions"}],"predecessor-version":[{"id":379,"href":"https:\/\/asapalavra.com.br\/ed42\/wp-json\/wp\/v2\/posts\/125\/revisions\/379"}],"wp:attachment":[{"href":"https:\/\/asapalavra.com.br\/ed42\/wp-json\/wp\/v2\/media?parent=125"}],"wp:term":[{"taxonomy":"category","embeddable":true,"href":"https:\/\/asapalavra.com.br\/ed42\/wp-json\/wp\/v2\/categories?post=125"},{"taxonomy":"post_tag","embeddable":true,"href":"https:\/\/asapalavra.com.br\/ed42\/wp-json\/wp\/v2\/tags?post=125"}],"curies":[{"name":"wp","href":"https:\/\/api.w.org\/{rel}","templated":true}]}}