{"id":17,"date":"2025-07-25T17:44:34","date_gmt":"2025-07-25T17:44:34","guid":{"rendered":"https:\/\/asapalavra.com.br\/ed42\/?p=17"},"modified":"2025-09-18T00:49:29","modified_gmt":"2025-09-18T00:49:29","slug":"desafios-e-deficiencias-da-assistencia-do-estado-as-criancas-nascidas-no-carcere","status":"publish","type":"post","link":"https:\/\/asapalavra.com.br\/ed42\/desafios-e-deficiencias-da-assistencia-do-estado-as-criancas-nascidas-no-carcere\/","title":{"rendered":"DESAFIOS E DEFICI\u00caNCIAS DA ASSIST\u00caNCIA DO ESTADO \u00c0S CRIAN\u00c7AS NASCIDAS NO C\u00c1RCERE"},"content":{"rendered":"\n<p>Let\u00edcia da Silva Reis<sup>1<\/sup><br>Lucas de Azevedo Lima<sup>2<\/sup><br>Pedro Ivan dos Santos Ferreira<sup>3<\/sup><\/p>\n\n\n\n<p>C\u00f3digo DOI: 10.64520\/FLQE5096<\/p>\n\n\n\n<h3 class=\"wp-block-heading\">RESUMO<\/h3>\n\n\n\n<p>No Brasil, aproximadamente 46% das mulheres em regime de pris\u00e3o s\u00e3o m\u00e3es, com cerca de 119 beb\u00eas presentes em estabelecimentos penais. Apesar da exist\u00eancia de pol\u00edticas p\u00fablicas para amparar gestantes, parturientes e lactantes, essas medidas ainda s\u00e3o insuficientes na pr\u00e1tica. O sistema penitenci\u00e1rio brasileiro enfrenta um d\u00e9ficit significativo de vagas e diversas viola\u00e7\u00f5es, como superlota\u00e7\u00e3o e falhas nos cuidados com a sa\u00fade, prejudicando as mulheres e crian\u00e7as no c\u00e1rcere. As crian\u00e7as nascidas dentro desse contexto enfrentam s\u00e9rias viola\u00e7\u00f5es de direitos, com desenvolvimento afetado pela falta de estrutura adequada e estigmatiza\u00e7\u00e3o social, o que perpetua um ciclo de exclus\u00e3o e vulnerabilidade. Embora existam dispositivos legais como o C\u00f3digo de Processo Penal e a Lei de Execu\u00e7\u00e3o Penal, que prev\u00eaem alternativas de pris\u00e3o domiciliar e unidades materno-infantis, sua aplica\u00e7\u00e3o \u00e9 limitada e muitas vezes ineficaz. O Estatuto da Crian\u00e7a e do Adolescente (ECA) e a Constitui\u00e7\u00e3o Brasileira garantem direitos fundamentais \u00e0s crian\u00e7as, mas essas garantias n\u00e3o s\u00e3o plenamente cumpridas no ambiente prisional. A perman\u00eancia das m\u00e3es com seus filhos no c\u00e1rcere gera um conflito entre os direitos da m\u00e3e e do filho, sendo necess\u00e1ria a revis\u00e3o das pol\u00edticas p\u00fablicas para assegurar condi\u00e7\u00f5es adequadas de desenvolvimento infantil. A implementa\u00e7\u00e3o de pol\u00edticas sociais de acompanhamento e apoio psicol\u00f3gico \u00e9 fundamental para romper o ciclo de marginaliza\u00e7\u00e3o e garantir o futuro das crian\u00e7as nascidas no c\u00e1rcere.<\/p>\n\n\n\n<p><strong>Palavras-chave:<\/strong> Direitos humanos, mulheres encarceradas, crian\u00e7as no c\u00e1rcere, pol\u00edticas p\u00fablicas, sistema penitenci\u00e1rio.<\/p>\n\n\n\n<h3 class=\"wp-block-heading\">ABSTRACT<\/h3>\n\n\n\n<p>In Brazil, approximately 46% of women in prison are mothers, with around 119 babies living in penal institutions. Although there are public policies to support pregnant, postpartum, and breastfeeding women, these measures are insufficient in practice. The Brazilian penitentiary system faces a significant shortage of spaces and various violations, such as overcrowding and health care failures, negatively impacting incarcerated women and children. Children born in this environment suffer severe rights violations, with their development impaired due to the lack of appropriate structure and societal stigmatization, perpetuating a cycle of exclusion and vulnerability. Although legal provisions, such as the Code of Criminal Procedure and the Penal Execution Law, provide for alternatives like house arrest and mother-child units, their application is limited and often ineffective. The Child and Adolescent Statute (ECA) and the Brazilian Constitution guarantee fundamental rights to children, but these guarantees are not fully enforced in the prison system. The mother-child bond in prison creates a conflict between the rights of both, requiring a revision of public policies to ensure proper conditions for children\u2019s development. The implementation of social policies, including psychological support, is essential to break the cycle of marginalization and ensure the future of children born in prison.<\/p>\n\n\n\n<div class=\"wp-block-buttons is-layout-flex wp-block-buttons-is-layout-flex\">\n<div class=\"wp-block-button\"><a class=\"wp-block-button__link has-white-color has-text-color has-background has-link-color wp-element-button\" href=\"https:\/\/asapalavra.com.br\/ed42\/wp-content\/uploads\/2025\/07\/secao_1_tx_2.pdf\" style=\"background-color:#243588\" target=\"_blank\" rel=\"noreferrer noopener\">VER ARTIGO<\/a><\/div>\n<\/div>\n\n\n\n<p><\/p>\n\n\n\n<ol class=\"wp-block-list\">\n<li> Graduanda em Direito na Faculdade ASA de Brumadinho \u2013 Institui\u00e7\u00e3o Educacional Cec\u00edlia Maria de Melo Barcelos. Orientadora: Prof.. MSc.. Lucas Azevedo de Lima. E-mail: leticiareis0915@faculdadeasa;<\/li>\n\n\n\n<li>Mestre em Direito Ambiental e Desenvolvimento Sustent.vel. Professor na Faculdade ASA de Brumadinho \u2013 Institui..o Educacional Cec.lia Maria de Melo Barcelos. E-mail: professorlucaslima@gmail.com;<\/li>\n\n\n\n<li>Graduando em Direito na Faculdade ASA de Brumadinho \u2013 Institui\u00e7\u00e3o Educacional Cec\u00edlia Maria de Melo Barcelos. Orientador: Prof. MSc. Lucas Azevedo de Lima. E-mail: pedroivandossantos14@gmail.com.<\/li>\n<\/ol>\n","protected":false},"excerpt":{"rendered":"<p>No Brasil, aproximadamente 46% das mulheres em regime de pris\u00e3o s\u00e3o m\u00e3es, com cerca de 119 beb\u00eas presentes em estabelecimentos penais. Apesar da exist\u00eancia de pol\u00edticas p\u00fablicas para amparar gestantes, parturientes e lactantes, essas medidas ainda s\u00e3o insuficientes na pr\u00e1tica.<\/p>\n","protected":false},"author":1,"featured_media":0,"comment_status":"open","ping_status":"open","sticky":false,"template":"","format":"standard","meta":{"footnotes":""},"categories":[1,4],"tags":[],"class_list":["post-17","post","type-post","status-publish","format-standard","hentry","category-ed-42-2025","category-secao-01"],"_links":{"self":[{"href":"https:\/\/asapalavra.com.br\/ed42\/wp-json\/wp\/v2\/posts\/17","targetHints":{"allow":["GET"]}}],"collection":[{"href":"https:\/\/asapalavra.com.br\/ed42\/wp-json\/wp\/v2\/posts"}],"about":[{"href":"https:\/\/asapalavra.com.br\/ed42\/wp-json\/wp\/v2\/types\/post"}],"author":[{"embeddable":true,"href":"https:\/\/asapalavra.com.br\/ed42\/wp-json\/wp\/v2\/users\/1"}],"replies":[{"embeddable":true,"href":"https:\/\/asapalavra.com.br\/ed42\/wp-json\/wp\/v2\/comments?post=17"}],"version-history":[{"count":7,"href":"https:\/\/asapalavra.com.br\/ed42\/wp-json\/wp\/v2\/posts\/17\/revisions"}],"predecessor-version":[{"id":371,"href":"https:\/\/asapalavra.com.br\/ed42\/wp-json\/wp\/v2\/posts\/17\/revisions\/371"}],"wp:attachment":[{"href":"https:\/\/asapalavra.com.br\/ed42\/wp-json\/wp\/v2\/media?parent=17"}],"wp:term":[{"taxonomy":"category","embeddable":true,"href":"https:\/\/asapalavra.com.br\/ed42\/wp-json\/wp\/v2\/categories?post=17"},{"taxonomy":"post_tag","embeddable":true,"href":"https:\/\/asapalavra.com.br\/ed42\/wp-json\/wp\/v2\/tags?post=17"}],"curies":[{"name":"wp","href":"https:\/\/api.w.org\/{rel}","templated":true}]}}