{"id":21,"date":"2025-07-25T18:16:33","date_gmt":"2025-07-25T18:16:33","guid":{"rendered":"https:\/\/asapalavra.com.br\/ed42\/?p=21"},"modified":"2025-09-18T00:50:04","modified_gmt":"2025-09-18T00:50:04","slug":"liberdade-de-expressao-e-responsabilizacao-penal-limites-constitucionais-e-jurisprudencia-atual","status":"publish","type":"post","link":"https:\/\/asapalavra.com.br\/ed42\/liberdade-de-expressao-e-responsabilizacao-penal-limites-constitucionais-e-jurisprudencia-atual\/","title":{"rendered":"LIBERDADE DE EXPRESS\u00c3O E RESPONSABILIZA\u00c7\u00c3O PENAL: LIMITES CONSTITUCIONAIS E JURISPRUD\u00caNCIA ATUAL"},"content":{"rendered":"\n<p>Jean Lucas Pereira Reis<sup>1<\/sup><br>Victor Emmanuel Ferreira Silva<sup>2<\/sup><br>Gustavo Maciel Barcelos<sup>3<\/sup><\/p>\n\n\n\n<p>C\u00f3digo DOI: 10.64520\/TMKT2675<\/p>\n\n\n\n<h3 class=\"wp-block-heading\">RESUMO<\/h3>\n\n\n\n<p>Nos \u00faltimos anos, o Brasil foi acusado n\u00e3o apenas por muitos de seus cidad\u00e3os, mas tamb\u00e9m por pessoas de outras nacionalidades, de viola\u00e7\u00f5es ao direito \u00e0 liberdade de express\u00e3o. Essas acusa\u00e7\u00f5es advieram em raz\u00e3o de decis\u00f5es judiciais criminalizando condutas de pessoas que, sob a desculpa de estarem exercendo o direito \u00e0 liberdade de express\u00e3o, propagaram inverdades, \u00f3dio, discriminaram pessoas e at\u00e9 incitaram atos contra \u00e0 ordem p\u00fablica e \u00e0 paz social. Considerando a soberania do Estado brasileiro, o que, dentre outros pontos, impede a aplica\u00e7\u00e3o de legisla\u00e7\u00e3o estrangeira em territ\u00f3rio nacional, este estudo apresenta uma an\u00e1lise bibliogr\u00e1fica e jurisprudencial sobre a liberdade de express\u00e3o na \u00f3tica do direito brasileiro. An\u00e1lise est\u00e1 que explicita o motivo de eventual responsabiliza\u00e7\u00e3o por abusos cometidos no gozo desse direito n\u00e3o caracterizarem m\u00e1cula a esse direito fundamental.<\/p>\n\n\n\n<p><strong>Palavras-chave:<\/strong> Direitos fundamentais, Liberdade de express\u00e3o, Direito penal.<\/p>\n\n\n\n<h3 class=\"wp-block-heading\">ABSTRACT<\/h3>\n\n\n\n<p>In recent years, Brazil has been accused not only by many of its own citizens but also by individuals from other countries of violating the right to freedom of expression. These accusations arose due to judicial decisions that criminalized the conduct of individuals who, under the pretext of exercising their right to freedom of expression, spread falsehoods, hate, discriminated against others, and even incited actions against public order and social peace. Considering the sovereignty of the Brazilian State\u2014which, among other aspects, prevents the application of foreign legislation within national territory\u2014this study presents a bibliographic and jurisprudential analysis of freedom of expression from the perspective of Brazilian law. This analysis clarifies why potential accountability for abuses committed in the exercise of this right does not constitute a violation of this fundamental right.<\/p>\n\n\n\n<p><strong>Keywords:<\/strong> Fundamental rights, Freedom of expression, Criminal law.<\/p>\n\n\n\n<div class=\"wp-block-buttons is-layout-flex wp-block-buttons-is-layout-flex\">\n<div class=\"wp-block-button has-custom-width wp-block-button__width-25 is-style-fill\"><a class=\"wp-block-button__link has-white-color has-text-color has-background has-link-color has-small-font-size has-custom-font-size wp-element-button\" href=\"https:\/\/asapalavra.com.br\/ed42\/wp-content\/uploads\/2025\/07\/secao_1_tx_3.pdf\" style=\"background-color:#243588\" target=\"_blank\" rel=\"noreferrer noopener\">VER ARTIGO<\/a><\/div>\n<\/div>\n\n\n\n<p><\/p>\n\n\n\n<ol class=\"wp-block-list\">\n<li>Graduando do curso de Direito na Faculdade Asa de Brumadinho<\/li>\n\n\n\n<li>Graduando do curso de Direito na Faculdade Asa de Brumadinho<\/li>\n\n\n\n<li>Mestre em Direitos e garantias fundamentais e Professor na Faculdade Asa de Brumadinho<\/li>\n<\/ol>\n","protected":false},"excerpt":{"rendered":"<p>Nos \u00faltimos anos, o Brasil foi acusado n\u00e3o apenas por muitos de seus cidad\u00e3os, mas tamb\u00e9m por pessoas de outras nacionalidades, de viola\u00e7\u00f5es ao direito \u00e0 liberdade de express\u00e3o. <\/p>\n","protected":false},"author":1,"featured_media":0,"comment_status":"open","ping_status":"open","sticky":false,"template":"","format":"standard","meta":{"footnotes":""},"categories":[1,4],"tags":[],"class_list":["post-21","post","type-post","status-publish","format-standard","hentry","category-ed-42-2025","category-secao-01"],"_links":{"self":[{"href":"https:\/\/asapalavra.com.br\/ed42\/wp-json\/wp\/v2\/posts\/21","targetHints":{"allow":["GET"]}}],"collection":[{"href":"https:\/\/asapalavra.com.br\/ed42\/wp-json\/wp\/v2\/posts"}],"about":[{"href":"https:\/\/asapalavra.com.br\/ed42\/wp-json\/wp\/v2\/types\/post"}],"author":[{"embeddable":true,"href":"https:\/\/asapalavra.com.br\/ed42\/wp-json\/wp\/v2\/users\/1"}],"replies":[{"embeddable":true,"href":"https:\/\/asapalavra.com.br\/ed42\/wp-json\/wp\/v2\/comments?post=21"}],"version-history":[{"count":8,"href":"https:\/\/asapalavra.com.br\/ed42\/wp-json\/wp\/v2\/posts\/21\/revisions"}],"predecessor-version":[{"id":372,"href":"https:\/\/asapalavra.com.br\/ed42\/wp-json\/wp\/v2\/posts\/21\/revisions\/372"}],"wp:attachment":[{"href":"https:\/\/asapalavra.com.br\/ed42\/wp-json\/wp\/v2\/media?parent=21"}],"wp:term":[{"taxonomy":"category","embeddable":true,"href":"https:\/\/asapalavra.com.br\/ed42\/wp-json\/wp\/v2\/categories?post=21"},{"taxonomy":"post_tag","embeddable":true,"href":"https:\/\/asapalavra.com.br\/ed42\/wp-json\/wp\/v2\/tags?post=21"}],"curies":[{"name":"wp","href":"https:\/\/api.w.org\/{rel}","templated":true}]}}