{"id":99,"date":"2025-07-26T22:13:20","date_gmt":"2025-07-26T22:13:20","guid":{"rendered":"https:\/\/asapalavra.com.br\/ed42\/?p=99"},"modified":"2025-09-18T00:51:46","modified_gmt":"2025-09-18T00:51:46","slug":"alem-do-foco-estrategias-e-abordagens-de-enfermagem-que-impactam-na-adesao-ao-tratamento-em-idosos-diabeticos-que-moram-sozinhos","status":"publish","type":"post","link":"https:\/\/asapalavra.com.br\/ed42\/alem-do-foco-estrategias-e-abordagens-de-enfermagem-que-impactam-na-adesao-ao-tratamento-em-idosos-diabeticos-que-moram-sozinhos\/","title":{"rendered":"AL\u00c9M DO FOCO: ESTRAT\u00c9GIAS E ABORDAGENS DE ENFERMAGEM QUE IMPACTAM NA ADES\u00c3O AO TRATAMENTO EM IDOSOS DIAB\u00c9TICOS QUE MORAM SOZINHOS"},"content":{"rendered":"\n<p>Aiesa Ingred de F\u00e1tima<sup>1<\/sup><br>Pollyanna Oliveira Parreiras<sup>2<\/sup><br>Ana Paula Gon\u00e7alves dos Reis<sup>3<\/sup><\/p>\n\n\n\n<p>C\u00f3digo DOI: 10.64520\/REDK7453<\/p>\n\n\n\n<h3 class=\"wp-block-heading\">RESUMO<\/h3>\n\n\n\n<p>A diabetes tipo 2 \u00e9 uma doen\u00e7a cr\u00f4nica que demanda cuidados di\u00e1rios, por\u00e9m os idosos diab\u00e9ticos que vivem sozinhos apresentam dificuldades para realiza\u00e7\u00e3o desses cuidados devido a senilidade, somado a esse contexto existe a presen\u00e7a de transtornos mentais, como a depress\u00e3o que interfere diretamente no autocuidado e compromete o gerenciamento das atividades di\u00e1rias e a sa\u00fade desses idosos. Nesse contexto o enfermeiro precisa utilizar estrat\u00e9gias eficazes para garantir a ades\u00e3o ao tratamento nesses pacientes e efetuar promo\u00e7\u00e3o e preven\u00e7\u00e3o de agravos melhorando a qualidade de vida, diminuindo gastos oriundos de hospitaliza\u00e7\u00f5es e compra de insumos e permitindo a reinser\u00e7\u00e3o desse p\u00fablico no mercado de trabalho. Destacar os impactos oriundos de estrat\u00e9gias de enfermagem na ades\u00e3o ao tratamento de idosos diab\u00e9ticos que vivem sozinhos permitindo a eles maior autonomia e melhor gerenciamento da sa\u00fade. O estudo \u00e9 Coorte Transversal que alinha a revis\u00e3o bibliogr\u00e1fica juntamente com o cruzamento de dados advindos da aplica\u00e7\u00e3o de um question\u00e1rio sobre o autocuidado em idosos diab\u00e9ticos que moram sozinhos, os artigos e demais literaturas consultadas foram publicadas entre 2019 e 2024, coleta de dados foi realizada na ESF do bairro Cana. em Ibirit\u00e9-MG, sendo entrevistados 200 idosos. O enfermeiro estabelece estrat\u00e9gias e abordagens que influenciam positivamente na ades\u00e3o ao tratamento dos idosos diab\u00e9ticos que moram sozinhos e impactam diretamente na qualidade de vida.<\/p>\n\n\n\n<p><strong>Palavras-chave<\/strong>: Diabetes Mellitus, Idosos, Autocuidado, Transtorno Depressivo, Autogerenciamento.<\/p>\n\n\n\n<h3 class=\"wp-block-heading\">ABSTRACT<\/h3>\n\n\n\n<p>Type 2 diabetes is a chronic disease that demands daily care; however, elderly diabetic individuals living alone face difficulties in performing these care activities due to senility. Additionally, within this context, there is the presence of mental disorders such as depression, which directly interferes with self-care and compromises the management of daily activities and the health of these elderly individuals. In this context, nurses need to employ effective strategies to ensure treatment adherence in these patients, as well as promote prevention of complications, thereby improving their quality of life, reducing costs associated with hospitalizations and purchasing of supplies, and enabling their reintegration into the workforce.: To highlight the impacts of nursing strategies on treatment adherence in elderly diabetic individuals living alone, allowing them greater autonomy and better health management. The study is a Cross-Sectional Cohort that combines literature review with data cross-referencing from the application of a questionnaire on self-care in elderly diabetic individuals living alone. The articles and other literature consulted were published between 2019 and 2024, and data collection was carried out at ESF Cana. in Ibirit.-MG, with 200 elderly individuals interviewed. The nurse establishes strategies and approaches that positively influence the adherence to the treatment of diabetic elderly people who live alone and have a direct impact on the quality of life.<\/p>\n\n\n\n<p><br><strong>Keywords<\/strong>: Diabetes Mellitus, Elderly, Self-care, DepressiveDisorder, Self-management.<\/p>\n\n\n\n<div class=\"wp-block-buttons is-layout-flex wp-block-buttons-is-layout-flex\">\n<div class=\"wp-block-button\"><a class=\"wp-block-button__link has-white-color has-text-color has-background has-link-color wp-element-button\" href=\"https:\/\/asapalavra.com.br\/ed42\/wp-content\/uploads\/2025\/07\/secao_2_Tx_1.pdf\" style=\"background-color:#243588\" target=\"_blank\" rel=\"noreferrer noopener\">VER ARTIGO<\/a><\/div>\n<\/div>\n\n\n\n<p><\/p>\n\n\n\n<ol class=\"wp-block-list\">\n<li>Graduanda em Enfermagem pela Faculdade Asa de Brumadinho.<\/li>\n\n\n\n<li>Graduanda em Enfermagem pela Faculdade Asa de Brumadinho.<\/li>\n\n\n\n<li>Mestre em educa\u00e7\u00e3o em Diabetes. Graduada em Enfermagem. Bacharel em Nutri\u00e7\u00e3o. Especialista em Sa\u00fade P\u00fablica e Urg\u00eancia e Emerg\u00eancia. Docente na Faculdade Asa de Brumadinho.<\/li>\n<\/ol>\n","protected":false},"excerpt":{"rendered":"<p>A diabetes tipo 2 \u00e9 uma doen\u00e7a cr\u00f4nica que demanda cuidados di\u00e1rios, por\u00e9m os idosos diab\u00e9ticos que vivem sozinhos apresentam dificuldades para realiza\u00e7\u00e3o desses cuidados.<\/p>\n","protected":false},"author":1,"featured_media":0,"comment_status":"open","ping_status":"open","sticky":false,"template":"","format":"standard","meta":{"footnotes":""},"categories":[1,5],"tags":[],"class_list":["post-99","post","type-post","status-publish","format-standard","hentry","category-ed-42-2025","category-secao-02"],"_links":{"self":[{"href":"https:\/\/asapalavra.com.br\/ed42\/wp-json\/wp\/v2\/posts\/99","targetHints":{"allow":["GET"]}}],"collection":[{"href":"https:\/\/asapalavra.com.br\/ed42\/wp-json\/wp\/v2\/posts"}],"about":[{"href":"https:\/\/asapalavra.com.br\/ed42\/wp-json\/wp\/v2\/types\/post"}],"author":[{"embeddable":true,"href":"https:\/\/asapalavra.com.br\/ed42\/wp-json\/wp\/v2\/users\/1"}],"replies":[{"embeddable":true,"href":"https:\/\/asapalavra.com.br\/ed42\/wp-json\/wp\/v2\/comments?post=99"}],"version-history":[{"count":6,"href":"https:\/\/asapalavra.com.br\/ed42\/wp-json\/wp\/v2\/posts\/99\/revisions"}],"predecessor-version":[{"id":376,"href":"https:\/\/asapalavra.com.br\/ed42\/wp-json\/wp\/v2\/posts\/99\/revisions\/376"}],"wp:attachment":[{"href":"https:\/\/asapalavra.com.br\/ed42\/wp-json\/wp\/v2\/media?parent=99"}],"wp:term":[{"taxonomy":"category","embeddable":true,"href":"https:\/\/asapalavra.com.br\/ed42\/wp-json\/wp\/v2\/categories?post=99"},{"taxonomy":"post_tag","embeddable":true,"href":"https:\/\/asapalavra.com.br\/ed42\/wp-json\/wp\/v2\/tags?post=99"}],"curies":[{"name":"wp","href":"https:\/\/api.w.org\/{rel}","templated":true}]}}